{"id":20109,"date":"2023-03-07T09:33:48","date_gmt":"2023-03-07T08:33:48","guid":{"rendered":"https:\/\/izem.org\/?p=20109"},"modified":"2023-03-13T11:06:46","modified_gmt":"2023-03-13T10:06:46","slug":"weltnierentag","status":"publish","type":"post","link":"https:\/\/izem.org\/index.php\/2023\/03\/07\/weltnierentag\/","title":{"rendered":"Der 09. M\u00e4rz ist Weltnierentag &#8211; h\u00f6chste Zeit, die Niereninsuffizienz in den Blick zu nehmen"},"content":{"rendered":"<p>[et_pb_section fb_built=&#8220;1&#8243; use_custom_gutter=&#8220;on&#8220; gutter_width=&#8220;2&#8243; specialty=&#8220;on&#8220; padding_top_2=&#8220;20px&#8220; padding_right_2=&#8220;5%&#8220; padding_2_tablet=&#8220;0px|10%||10%||true&#8220; padding_2_phone=&#8220;&#8220; padding_2_last_edited=&#8220;on|tablet&#8220; _builder_version=&#8220;4.16&#8243; inner_width=&#8220;100%&#8220; inner_max_width=&#8220;100%&#8220; use_custom_width=&#8220;on&#8220; width_unit=&#8220;off&#8220; custom_width_percent=&#8220;100%&#8220; global_colors_info=&#8220;{}&#8220;][et_pb_column type=&#8220;1_3&#8243; _builder_version=&#8220;4.16&#8243; custom_padding=&#8220;|||&#8220; global_colors_info=&#8220;{}&#8220; custom_padding__hover=&#8220;|||&#8220;][et_pb_image src=&#8220;https:\/\/izem.org\/wp-content\/uploads\/2023\/03\/AdobeStock_374115723-scaled.jpeg&#8220; title_text=&#8220;Trees (kidneys), 3D environmental and medical concepts&#8220; force_fullwidth=&#8220;on&#8220; align_tablet=&#8220;center&#8220; align_phone=&#8220;&#8220; align_last_edited=&#8220;on|desktop&#8220; _builder_version=&#8220;4.16&#8243; custom_margin=&#8220;|||&#8220; custom_padding=&#8220;|||&#8220; animation_style=&#8220;slide&#8220; animation_direction=&#8220;right&#8220; animation_intensity_slide=&#8220;5%&#8220; border_radii=&#8220;||30px|15vw|&#8220; border_color_all=&#8220;#2f8cff&#8220; border_width_bottom=&#8220;2vw&#8220; box_shadow_style=&#8220;preset3&#8243; box_shadow_vertical=&#8220;30px&#8220; box_shadow_blur=&#8220;80px&#8220; box_shadow_spread=&#8220;-30px&#8220; box_shadow_color=&#8220;rgba(102,141,186,0.7)&#8220; locked=&#8220;off&#8220; global_colors_info=&#8220;{}&#8220;][\/et_pb_image][\/et_pb_column][et_pb_column type=&#8220;2_3&#8243; specialty_columns=&#8220;2&#8243; _builder_version=&#8220;4.16&#8243; custom_padding=&#8220;|||&#8220; global_colors_info=&#8220;{}&#8220; padding_tablet=&#8220;0px|10%||10%||true&#8220; padding_last_edited=&#8220;on|tablet&#8220; custom_padding__hover=&#8220;|||&#8220; padding_phone=&#8220;0px|10%||10%||true&#8220;][et_pb_row_inner _builder_version=&#8220;4.16&#8243; custom_padding=&#8220;42.6094px|0px|0|0px|false|false&#8220; global_colors_info=&#8220;{}&#8220;][et_pb_column_inner saved_specialty_column_type=&#8220;2_3&#8243; _builder_version=&#8220;4.16&#8243; custom_padding=&#8220;|||&#8220; global_colors_info=&#8220;{}&#8220; custom_padding__hover=&#8220;|||&#8220;][et_pb_text _builder_version=&#8220;4.16&#8243; _module_preset=&#8220;default&#8220; custom_padding=&#8220;||0px|||&#8220; global_colors_info=&#8220;{}&#8220;]<\/p>\n<h4><span>Zum Weltnierentag am 9. M\u00e4rz dieses Jahres ist es h\u00f6chste Zeit, die Niereninsuffizienz als chronische Erkrankung in den Blick zu nehmen. Sie ist nicht nur bedeutsam als singul\u00e4re Erkrankung, auch als Komorbidit\u00e4t kann sie sich signifikant auf den Gesundheitszustand von Patient:innen auswirken. <\/span><\/h4>\n<p>[\/et_pb_text][\/et_pb_column_inner][\/et_pb_row_inner][et_pb_row_inner column_structure=&#8220;1_2,1_2&#8243; _builder_version=&#8220;4.16&#8243; global_colors_info=&#8220;{}&#8220;][et_pb_column_inner type=&#8220;1_2&#8243; saved_specialty_column_type=&#8220;2_3&#8243; _builder_version=&#8220;4.16&#8243; custom_padding=&#8220;|||&#8220; global_colors_info=&#8220;{}&#8220; custom_padding__hover=&#8220;|||&#8220;][et_pb_text _builder_version=&#8220;4.16&#8243; text_font=&#8220;Montserrat|300|||||||&#8220; text_font_size=&#8220;16px&#8220; text_line_height=&#8220;2em&#8220; header_font=&#8220;||||||||&#8220; header_2_font=&#8220;Montserrat|300|||||||&#8220; header_2_text_color=&#8220;#212d3b&#8220; header_2_font_size=&#8220;40px&#8220; header_2_line_height=&#8220;1.5em&#8220; max_width=&#8220;600px&#8220; custom_margin=&#8220;|||&#8220; custom_margin_tablet=&#8220;0px|50px||50px&#8220; custom_margin_last_edited=&#8220;off|desktop&#8220; custom_padding=&#8220;|||&#8220; global_colors_info=&#8220;{}&#8220;]<\/p>\n<p><span>Niereninsuffizienz ist sehr h\u00e4ufig assoziiert mit gastrointestinalen, kardiopulmonalen oder psychosozialen Symptomatologien. Auch Schmerz, Schlafst\u00f6rungen, Fatigue oder neurologische und dermatologische Begleiterkrankungen kommen hinzu. Da die Anzahl mehrfach erkrankter chronisch kranker Menschen kontinuierlich zunimmt, steigen auch die Anforderungen an eine interdisziplin\u00e4re und interprofessionelle Versorgung. Unter Ber\u00fccksichtigung aller wesentlichen Begleit- und Folgeerkrankungen w\u00e4re die chronische Nierenkrankheit in ihren unterschiedlichen Stadien geradezu ein Musterbeispiel f\u00fcr einen Disease-Management Ansatz.<\/span><\/p>\n<p>&nbsp;<\/p>\n<div>\n<p><span>Zusammen mit Vertreter:innen aus Fach\u00e4rzteschaft und den Patientenorganisationen sollte ein konzertierter Ansatz erarbeitet werden, wie betroffene Patient:innen m\u00f6glichst leitlinien- und bedarfsgerecht unter Ber\u00fccksichtigung des Aspektes der Multimorbidit\u00e4t effektiv versorgt werden k\u00f6nnen.<\/span><\/p>\n<\/div>\n<p>[\/et_pb_text][\/et_pb_column_inner][et_pb_column_inner type=&#8220;1_2&#8243; saved_specialty_column_type=&#8220;2_3&#8243; _builder_version=&#8220;4.16&#8243; custom_padding=&#8220;|||&#8220; global_colors_info=&#8220;{}&#8220; custom_padding__hover=&#8220;|||&#8220;][et_pb_text _builder_version=&#8220;4.16&#8243; text_font=&#8220;Montserrat|300|||||||&#8220; text_font_size=&#8220;16px&#8220; text_line_height=&#8220;2em&#8220; header_font=&#8220;||||||||&#8220; header_2_font=&#8220;Montserrat|300|||||||&#8220; header_2_text_color=&#8220;#212d3b&#8220; header_2_font_size=&#8220;40px&#8220; header_2_line_height=&#8220;1.5em&#8220; max_width=&#8220;600px&#8220; custom_margin=&#8220;|||&#8220; custom_margin_tablet=&#8220;0px|50px||50px&#8220; custom_margin_last_edited=&#8220;off|desktop&#8220; custom_padding=&#8220;|||&#8220; locked=&#8220;off&#8220; global_colors_info=&#8220;{}&#8220;]<\/p>\n<p style=\"font-weight: 400;\">Die Herausforderung f\u00fcr alle Beteiligten wie \u00c4rzte sowohl aus nephrologischer als auch allgemeinmedizinischer Sicht, Pflegeverantwortliche sowohl aus Dialysezentren als auch Hausarztpraxen unter Beteiligung der Patienten:innen und Angeh\u00f6rigen ist, dass die Versorgung aller beeinflussenden Krankheitsaspekte im Sinne der Behandlungs- und Lebensqualit\u00e4t optimiert werden muss.<\/p>\n<p style=\"font-weight: 400;\"><span style=\"font-weight: 400;\">Die Behandlung von Patienten:innen mit schweren chronischen Erkrankungen erfordert eine multi- und interdisziplin\u00e4re Betrachtung und Begleitung. \u00dcberall dort, wo Niereninsuffizienz den Gesundheitszustand ma\u00dfgeblich beeinflusst, muss der Gedanke einer \u201esupportiven Nephrologie\u201c eine Rolle spielen um den Aspekten der Behandlungs- und Lebensqualit\u00e4t gerecht zu werden. Diesen Weg k\u00f6nnen Betroffene und Beteiligte nur gemeinsam gehen.<\/span><\/p>\n<p style=\"font-weight: 400;\"><strong><a href=\"https:\/\/izem.org\/wp-content\/uploads\/2023\/03\/CKD-aP-Infografik-zum-Weltnierentag_approved.pdf\" target=\"_blank\" rel=\"noopener\" title=\"Informationsgrafik Niereninsuffizienz\">Eine Grafik mit weiterf\u00fchrenden Informationen finden Sie hier.<\/a><\/strong><\/p>\n<p>[\/et_pb_text][\/et_pb_column_inner][\/et_pb_row_inner][\/et_pb_column][\/et_pb_section][et_pb_section fb_built=&#8220;1&#8243; theme_builder_area=&#8220;post_content&#8220; _builder_version=&#8220;4.20.2&#8243; _module_preset=&#8220;default&#8220;][et_pb_row _builder_version=&#8220;4.20.2&#8243; _module_preset=&#8220;default&#8220; theme_builder_area=&#8220;post_content&#8220;][et_pb_column _builder_version=&#8220;4.20.2&#8243; _module_preset=&#8220;default&#8220; type=&#8220;4_4&#8243; theme_builder_area=&#8220;post_content&#8220;][et_pb_image src=&#8220;https:\/\/izem.org\/wp-content\/uploads\/2023\/03\/CKD-aP-Infografik-zum-Weltnierentag_approved-pdf.jpg&#8220; _builder_version=&#8220;4.20.2&#8243; _module_preset=&#8220;default&#8220; theme_builder_area=&#8220;post_content&#8220; title_text=&#8220;Weiterf\u00fchrende Informationen zur Niereninsuffizienz&#8220; hover_enabled=&#8220;0&#8243; sticky_enabled=&#8220;0&#8243;][\/et_pb_image][\/et_pb_column][\/et_pb_row][\/et_pb_section]<\/p>\n","protected":false},"excerpt":{"rendered":"<p>Stellungnahme zum Internationalen Tag des Eisenmangels<\/p>\n","protected":false},"author":3,"featured_media":20111,"comment_status":"closed","ping_status":"closed","sticky":false,"template":"","format":"standard","meta":{"_et_pb_use_builder":"on","_et_pb_old_content":"","_et_gb_content_width":"1080","cybocfi_hide_featured_image":""},"categories":[1],"tags":[],"_links":{"self":[{"href":"https:\/\/izem.org\/index.php\/wp-json\/wp\/v2\/posts\/20109"}],"collection":[{"href":"https:\/\/izem.org\/index.php\/wp-json\/wp\/v2\/posts"}],"about":[{"href":"https:\/\/izem.org\/index.php\/wp-json\/wp\/v2\/types\/post"}],"author":[{"embeddable":true,"href":"https:\/\/izem.org\/index.php\/wp-json\/wp\/v2\/users\/3"}],"replies":[{"embeddable":true,"href":"https:\/\/izem.org\/index.php\/wp-json\/wp\/v2\/comments?post=20109"}],"version-history":[{"count":12,"href":"https:\/\/izem.org\/index.php\/wp-json\/wp\/v2\/posts\/20109\/revisions"}],"predecessor-version":[{"id":20133,"href":"https:\/\/izem.org\/index.php\/wp-json\/wp\/v2\/posts\/20109\/revisions\/20133"}],"wp:featuredmedia":[{"embeddable":true,"href":"https:\/\/izem.org\/index.php\/wp-json\/wp\/v2\/media\/20111"}],"wp:attachment":[{"href":"https:\/\/izem.org\/index.php\/wp-json\/wp\/v2\/media?parent=20109"}],"wp:term":[{"taxonomy":"category","embeddable":true,"href":"https:\/\/izem.org\/index.php\/wp-json\/wp\/v2\/categories?post=20109"},{"taxonomy":"post_tag","embeddable":true,"href":"https:\/\/izem.org\/index.php\/wp-json\/wp\/v2\/tags?post=20109"}],"curies":[{"name":"wp","href":"https:\/\/api.w.org\/{rel}","templated":true}]}}